{"id":1930,"date":"2019-11-08T13:09:34","date_gmt":"2019-11-08T12:09:34","guid":{"rendered":"https:\/\/sybilledemgh.wordpress.com\/?p=1930"},"modified":"2022-02-16T11:53:27","modified_gmt":"2022-02-16T10:53:27","slug":"la-ville-anti-social","status":"publish","type":"post","link":"https:\/\/sybilledemgh.com\/index.php\/2019\/11\/08\/la-ville-anti-social\/","title":{"rendered":"La ville anti-social"},"content":{"rendered":"\n<p>Les villes sont-elles de plus en plus inhospitali\u00e8res?  Pourquoi les villes s&rsquo;\u00e9quipent de si\u00e8ges bomb\u00e9s, dont les accoudoirs sont trop bas? Pourquoi voit-on appara\u00eetre des pics et des barri\u00e8res au  bas de nos immeubles?  Oui c&rsquo;est une r\u00e9alit\u00e9, et nous ne devenons pas fou, pas plus fous que les designers qui r\u00e9pondent \u00e0 un cahier des charges. <\/p>\n\n\n\n<p> Cependant si vous avez un logis, le but du mobilier urbain contemporain peut vous \u00e9chapper.  En effet,  il est con\u00e7u pour que les gens \u00e0 la rue passent leur chemin. Les bancs utilisent mille ruses pour <a rel=\"noreferrer noopener\" aria-label=\"dissuader les dormeurs SDF (ouverture dans un nouvel onglet)\" href=\"https:\/\/www.fondation-abbe-pierre.fr\/actualites\/ceremonie-des-pics-dor-la-fondation-recompense-de-facon-satirique-les-pires-dispositifs-anti-sdf\" target=\"_blank\">dissuader les<\/a><a href=\"https:\/\/soyonshumains.fr\/\" target=\"_blank\" rel=\"noreferrer noopener\" aria-label=\" dormeurs SDF (ouverture dans un nouvel onglet)\"> dormeurs SDF<\/a> et\/ou pour \u00eatre <a href=\"https:\/\/usbeketrica.com\/article\/la-smart-city-n-aime-pas-les-pauvres\" target=\"_blank\" rel=\"noreferrer noopener\" aria-label=\"inconfortable aux fl\u00e2neurs. (ouverture dans un nouvel onglet)\">inconfortable aux fl\u00e2neurs.<\/a>  <\/p>\n\n\n\n<figure class=\"wp-block-image size-large\"><img data-recalc-dims=\"1\" decoding=\"async\" src=\"https:\/\/sybilledemgh.files.wordpress.com\/2019\/11\/metro.png?w=525\" alt=\"\" class=\"wp-image-1956\" \/><\/figure>\n\n\n\n<p> De nombreux oracles parlent de changement, d\u2019agressivit\u00e9, de col\u00e8re et de frustration.  Ces ressentis sont loin d&rsquo;\u00eatre abstraits lorsque, chers sensitifs, on hume l&rsquo;air du temps. Regardons nos villes, les formes et les couleurs qui nous entourent: la ville s&rsquo;\u00e9rige de pics en m\u00e9tal ou en r\u00e9sine, dans des couleurs noir, gris, beigeasses. Et nos v\u00eatements suivent. Posons notre regard objectif sur la r\u00e9alit\u00e9 des normes de nos villes. Nous ne sommes pas dans un mirage.<\/p>\n\n\n\n<p>Loin de rester dans le domaines intangibles et fugaces des \u00e9motions et ressentis, ces formes de b\u00e9ton et de m\u00e9tal sont face \u00e0 nous, et elles t\u00e9moignent de notre \u00e9poque, anti-social. Ainsi, quel est l&rsquo;aboutissement des ann\u00e9es d&rsquo;\u00e9tudes et de la masse grise de nos grands artistes designer et de leurs donneurs d&rsquo;ordre? Les savants sachants dispersent la mis\u00e8re qu&rsquo;ils ne veulent pas voir, et celle qu&rsquo;ils n&rsquo;arrivent pas \u00e0 r\u00e9soudre. Le refus de faire face est-il un autre aspect du post-modernisme? D&rsquo;autant que des pr\u00e9rogatives internationales am\u00e8nent d&rsquo;autres mis\u00e9reux. <\/p>\n\n\n\n<p>Pour aller plus  loin, je vous conseille la lecture d&rsquo;un l&rsquo;excellent article <a href=\"https:\/\/usbeketrica.com\/article\/jeunes-clochards-drogues-la-ville-ne-veut-pas-de-vous\">\u00ab\u00a0Jeunes, clochards, drogu\u00e9s, la ville ne veut pas de vous\u00a0\u00bb<\/a> dont est tir\u00e9 la vid\u00e9o ci-dessous.<\/p>\n\n\n\n<figure class=\"wp-block-embed-vimeo wp-block-embed is-type-rich wp-embed-aspect-4-3 wp-has-aspect-ratio\"><div class=\"wp-block-embed__wrapper\">\n<iframe loading=\"lazy\" title=\"The Camden Bench\" src=\"https:\/\/player.vimeo.com\/video\/145578861?dnt=1&amp;app_id=122963\" width=\"525\" height=\"295\" frameborder=\"0\" allow=\"autoplay; fullscreen; picture-in-picture; clipboard-write\"><\/iframe>\n<\/div><\/figure>\n\n\n\n<p>Il n&rsquo;y a pas plus aveugle que celui qui ne veut pas voir<\/p>\n","protected":false},"excerpt":{"rendered":"<p>Les villes sont-elles de plus en plus inhospitali\u00e8res? Pourquoi les villes s&rsquo;\u00e9quipent de si\u00e8ges bomb\u00e9s, dont les accoudoirs sont trop bas? Pourquoi voit-on appara\u00eetre des pics et des barri\u00e8res au bas de nos immeubles? Oui c&rsquo;est une r\u00e9alit\u00e9, et nous ne devenons pas fou, pas plus fous que les designers qui r\u00e9pondent \u00e0 un cahier &hellip; <\/p>\n<p class=\"link-more\"><a href=\"https:\/\/sybilledemgh.com\/index.php\/2019\/11\/08\/la-ville-anti-social\/\" class=\"more-link\">Continuer la lecture<span class=\"screen-reader-text\"> de &laquo;&nbsp;La ville anti-social&nbsp;&raquo;<\/span><\/a><\/p>\n","protected":false},"author":2,"featured_media":0,"comment_status":"closed","ping_status":"closed","sticky":false,"template":"","format":"standard","meta":{"advanced_seo_description":"","jetpack_seo_html_title":"","jetpack_seo_noindex":false,"_themeisle_gutenberg_block_has_review":false,"jetpack_post_was_ever_published":false,"_jetpack_newsletter_access":"","_jetpack_dont_email_post_to_subs":false,"_jetpack_newsletter_tier_id":0,"_jetpack_memberships_contains_paywalled_content":false,"_jetpack_memberships_contains_paid_content":false,"footnotes":"","jetpack_publicize_message":"","jetpack_publicize_feature_enabled":true,"jetpack_social_post_already_shared":false,"jetpack_social_options":{"image_generator_settings":{"template":"highway","default_image_id":0,"font":"","enabled":false},"version":2}},"categories":[173],"tags":[182,183,184],"class_list":["post-1930","post","type-post","status-publish","format-standard","hentry","category-a-decouvrir","tag-mobilier-urbain","tag-urbanisme","tag-ville"],"jetpack_publicize_connections":[],"jetpack_featured_media_url":"","jetpack_shortlink":"https:\/\/wp.me\/p9x5DS-v8","jetpack_sharing_enabled":true,"jetpack_likes_enabled":false,"_links":{"self":[{"href":"https:\/\/sybilledemgh.com\/index.php\/wp-json\/wp\/v2\/posts\/1930","targetHints":{"allow":["GET"]}}],"collection":[{"href":"https:\/\/sybilledemgh.com\/index.php\/wp-json\/wp\/v2\/posts"}],"about":[{"href":"https:\/\/sybilledemgh.com\/index.php\/wp-json\/wp\/v2\/types\/post"}],"author":[{"embeddable":true,"href":"https:\/\/sybilledemgh.com\/index.php\/wp-json\/wp\/v2\/users\/2"}],"replies":[{"embeddable":true,"href":"https:\/\/sybilledemgh.com\/index.php\/wp-json\/wp\/v2\/comments?post=1930"}],"version-history":[{"count":1,"href":"https:\/\/sybilledemgh.com\/index.php\/wp-json\/wp\/v2\/posts\/1930\/revisions"}],"predecessor-version":[{"id":6032,"href":"https:\/\/sybilledemgh.com\/index.php\/wp-json\/wp\/v2\/posts\/1930\/revisions\/6032"}],"wp:attachment":[{"href":"https:\/\/sybilledemgh.com\/index.php\/wp-json\/wp\/v2\/media?parent=1930"}],"wp:term":[{"taxonomy":"category","embeddable":true,"href":"https:\/\/sybilledemgh.com\/index.php\/wp-json\/wp\/v2\/categories?post=1930"},{"taxonomy":"post_tag","embeddable":true,"href":"https:\/\/sybilledemgh.com\/index.php\/wp-json\/wp\/v2\/tags?post=1930"}],"curies":[{"name":"wp","href":"https:\/\/api.w.org\/{rel}","templated":true}]}}